{"id":475,"date":"2020-02-20T13:16:27","date_gmt":"2020-02-20T13:16:27","guid":{"rendered":"http:\/\/fotografslubny.grzebyta.pl\/?p=475"},"modified":"2020-02-20T13:19:34","modified_gmt":"2020-02-20T13:19:34","slug":"monika-i-dawid","status":"publish","type":"post","link":"http:\/\/fotografslubny.grzebyta.pl\/?p=475","title":{"rendered":"Monika i Dawid"},"content":{"rendered":"\n<!-- default-view.php -->\n<div\n\tclass=\"ngg-galleryoverview default-view \"\n\tid=\"ngg-gallery-60a6b3b2340d5313af5cb9e5c6fd36ae-1\">\n\n\t\t<!-- Thumbnails -->\n\t\t\t\t<div id=\"ngg-image-0\" class=\"ngg-gallery-thumbnail-box \" >\n\t\t\t\t        <div class=\"ngg-gallery-thumbnail\">\n            <a href=\"http:\/\/fotografslubny.grzebyta.pl\/wp-content\/gallery\/monika-i-dawid\/Monika-i-Dawid-narzeczenska-008.jpg\"\n               title=\"\"\n               data-src=\"http:\/\/fotografslubny.grzebyta.pl\/wp-content\/gallery\/monika-i-dawid\/Monika-i-Dawid-narzeczenska-008.jpg\"\n               data-thumbnail=\"http:\/\/fotografslubny.grzebyta.pl\/wp-content\/gallery\/monika-i-dawid\/thumbs\/thumbs_Monika-i-Dawid-narzeczenska-008.jpg\"\n               data-image-id=\"37\"\n               data-title=\"Monika-i-Dawid-narzeczenska-008\"\n               data-description=\"\"\n               data-image-slug=\"monika-i-dawid-narzeczenska-008\"\n               class=\"ngg-simplelightbox\" rel=\"60a6b3b2340d5313af5cb9e5c6fd36ae\">\n                <img\n                    title=\"Monika-i-Dawid-narzeczenska-008\"\n                    alt=\"Monika-i-Dawid-narzeczenska-008\"\n                    src=\"http:\/\/fotografslubny.grzebyta.pl\/wp-content\/gallery\/monika-i-dawid\/thumbs\/thumbs_Monika-i-Dawid-narzeczenska-008.jpg\"\n                    width=\"240\"\n                    height=\"160\"\n                    style=\"max-width:100%;\"\n                \/>\n            <\/a>\n        <\/div>\n\t\t\t\t\t\t\t<\/div> \n\t\t\t\n\t\t\t\t<div id=\"ngg-image-1\" class=\"ngg-gallery-thumbnail-box \" >\n\t\t\t\t        <div class=\"ngg-gallery-thumbnail\">\n            <a href=\"http:\/\/fotografslubny.grzebyta.pl\/wp-content\/gallery\/monika-i-dawid\/Monika-i-Dawid-narzeczenska-017.jpg\"\n               title=\"\"\n               data-src=\"http:\/\/fotografslubny.grzebyta.pl\/wp-content\/gallery\/monika-i-dawid\/Monika-i-Dawid-narzeczenska-017.jpg\"\n               data-thumbnail=\"http:\/\/fotografslubny.grzebyta.pl\/wp-content\/gallery\/monika-i-dawid\/thumbs\/thumbs_Monika-i-Dawid-narzeczenska-017.jpg\"\n               data-image-id=\"38\"\n               data-title=\"Monika-i-Dawid-narzeczenska-017\"\n               data-description=\"\"\n               data-image-slug=\"monika-i-dawid-narzeczenska-017\"\n               class=\"ngg-simplelightbox\" rel=\"60a6b3b2340d5313af5cb9e5c6fd36ae\">\n                <img\n                    title=\"Monika-i-Dawid-narzeczenska-017\"\n                    alt=\"Monika-i-Dawid-narzeczenska-017\"\n                    src=\"http:\/\/fotografslubny.grzebyta.pl\/wp-content\/gallery\/monika-i-dawid\/thumbs\/thumbs_Monika-i-Dawid-narzeczenska-017.jpg\"\n                    width=\"240\"\n                    height=\"160\"\n                    style=\"max-width:100%;\"\n                \/>\n            <\/a>\n        <\/div>\n\t\t\t\t\t\t\t<\/div> \n\t\t\t\n\t\t\t\t<div id=\"ngg-image-2\" class=\"ngg-gallery-thumbnail-box \" >\n\t\t\t\t        <div class=\"ngg-gallery-thumbnail\">\n            <a href=\"http:\/\/fotografslubny.grzebyta.pl\/wp-content\/gallery\/monika-i-dawid\/Monika-i-Dawid-narzeczenska-019.jpg\"\n               title=\"\"\n               data-src=\"http:\/\/fotografslubny.grzebyta.pl\/wp-content\/gallery\/monika-i-dawid\/Monika-i-Dawid-narzeczenska-019.jpg\"\n               data-thumbnail=\"http:\/\/fotografslubny.grzebyta.pl\/wp-content\/gallery\/monika-i-dawid\/thumbs\/thumbs_Monika-i-Dawid-narzeczenska-019.jpg\"\n               data-image-id=\"39\"\n               data-title=\"Monika-i-Dawid-narzeczenska-019\"\n               data-description=\"\"\n               data-image-slug=\"monika-i-dawid-narzeczenska-019\"\n               class=\"ngg-simplelightbox\" rel=\"60a6b3b2340d5313af5cb9e5c6fd36ae\">\n                <img\n                    title=\"Monika-i-Dawid-narzeczenska-019\"\n                    alt=\"Monika-i-Dawid-narzeczenska-019\"\n                    src=\"http:\/\/fotografslubny.grzebyta.pl\/wp-content\/gallery\/monika-i-dawid\/thumbs\/thumbs_Monika-i-Dawid-narzeczenska-019.jpg\"\n                    width=\"240\"\n                    height=\"160\"\n                    style=\"max-width:100%;\"\n                \/>\n            <\/a>\n        <\/div>\n\t\t\t\t\t\t\t<\/div> \n\t\t\t\n\t\t\t\t<div id=\"ngg-image-3\" class=\"ngg-gallery-thumbnail-box \" >\n\t\t\t\t        <div class=\"ngg-gallery-thumbnail\">\n            <a href=\"http:\/\/fotografslubny.grzebyta.pl\/wp-content\/gallery\/monika-i-dawid\/Monika-i-Dawid-narzeczenska-021.jpg\"\n               title=\"\"\n               data-src=\"http:\/\/fotografslubny.grzebyta.pl\/wp-content\/gallery\/monika-i-dawid\/Monika-i-Dawid-narzeczenska-021.jpg\"\n               data-thumbnail=\"http:\/\/fotografslubny.grzebyta.pl\/wp-content\/gallery\/monika-i-dawid\/thumbs\/thumbs_Monika-i-Dawid-narzeczenska-021.jpg\"\n               data-image-id=\"40\"\n               data-title=\"Monika-i-Dawid-narzeczenska-021\"\n               data-description=\"\"\n               data-image-slug=\"monika-i-dawid-narzeczenska-021\"\n               class=\"ngg-simplelightbox\" rel=\"60a6b3b2340d5313af5cb9e5c6fd36ae\">\n                <img\n                    title=\"Monika-i-Dawid-narzeczenska-021\"\n                    alt=\"Monika-i-Dawid-narzeczenska-021\"\n                    src=\"http:\/\/fotografslubny.grzebyta.pl\/wp-content\/gallery\/monika-i-dawid\/thumbs\/thumbs_Monika-i-Dawid-narzeczenska-021.jpg\"\n                    width=\"240\"\n                    height=\"160\"\n                    style=\"max-width:100%;\"\n                \/>\n            <\/a>\n        <\/div>\n\t\t\t\t\t\t\t<\/div> \n\t\t\t\n\t\t\t\t<div id=\"ngg-image-4\" class=\"ngg-gallery-thumbnail-box \" >\n\t\t\t\t        <div class=\"ngg-gallery-thumbnail\">\n            <a href=\"http:\/\/fotografslubny.grzebyta.pl\/wp-content\/gallery\/monika-i-dawid\/Monika-i-Dawid-narzeczenska-031.jpg\"\n               title=\"\"\n               data-src=\"http:\/\/fotografslubny.grzebyta.pl\/wp-content\/gallery\/monika-i-dawid\/Monika-i-Dawid-narzeczenska-031.jpg\"\n               data-thumbnail=\"http:\/\/fotografslubny.grzebyta.pl\/wp-content\/gallery\/monika-i-dawid\/thumbs\/thumbs_Monika-i-Dawid-narzeczenska-031.jpg\"\n               data-image-id=\"41\"\n               data-title=\"Monika-i-Dawid-narzeczenska-031\"\n               data-description=\"\"\n               data-image-slug=\"monika-i-dawid-narzeczenska-031\"\n               class=\"ngg-simplelightbox\" rel=\"60a6b3b2340d5313af5cb9e5c6fd36ae\">\n                <img\n                    title=\"Monika-i-Dawid-narzeczenska-031\"\n                    alt=\"Monika-i-Dawid-narzeczenska-031\"\n                    src=\"http:\/\/fotografslubny.grzebyta.pl\/wp-content\/gallery\/monika-i-dawid\/thumbs\/thumbs_Monika-i-Dawid-narzeczenska-031.jpg\"\n                    width=\"240\"\n                    height=\"160\"\n                    style=\"max-width:100%;\"\n                \/>\n            <\/a>\n        <\/div>\n\t\t\t\t\t\t\t<\/div> \n\t\t\t\n\t\t\t\t<div id=\"ngg-image-5\" class=\"ngg-gallery-thumbnail-box \" >\n\t\t\t\t        <div class=\"ngg-gallery-thumbnail\">\n            <a href=\"http:\/\/fotografslubny.grzebyta.pl\/wp-content\/gallery\/monika-i-dawid\/Monika-i-Dawid-narzeczenska-032.jpg\"\n               title=\"\"\n               data-src=\"http:\/\/fotografslubny.grzebyta.pl\/wp-content\/gallery\/monika-i-dawid\/Monika-i-Dawid-narzeczenska-032.jpg\"\n               data-thumbnail=\"http:\/\/fotografslubny.grzebyta.pl\/wp-content\/gallery\/monika-i-dawid\/thumbs\/thumbs_Monika-i-Dawid-narzeczenska-032.jpg\"\n               data-image-id=\"42\"\n               data-title=\"Monika-i-Dawid-narzeczenska-032\"\n               data-description=\"\"\n               data-image-slug=\"monika-i-dawid-narzeczenska-032\"\n               class=\"ngg-simplelightbox\" rel=\"60a6b3b2340d5313af5cb9e5c6fd36ae\">\n                <img\n                    title=\"Monika-i-Dawid-narzeczenska-032\"\n                    alt=\"Monika-i-Dawid-narzeczenska-032\"\n                    src=\"http:\/\/fotografslubny.grzebyta.pl\/wp-content\/gallery\/monika-i-dawid\/thumbs\/thumbs_Monika-i-Dawid-narzeczenska-032.jpg\"\n                    width=\"240\"\n                    height=\"160\"\n                    style=\"max-width:100%;\"\n                \/>\n            <\/a>\n        <\/div>\n\t\t\t\t\t\t\t<\/div> \n\t\t\t\n\t\t\t\t<div id=\"ngg-image-6\" class=\"ngg-gallery-thumbnail-box \" >\n\t\t\t\t        <div class=\"ngg-gallery-thumbnail\">\n            <a href=\"http:\/\/fotografslubny.grzebyta.pl\/wp-content\/gallery\/monika-i-dawid\/Monika-i-Dawid-003.jpg\"\n               title=\"\"\n               data-src=\"http:\/\/fotografslubny.grzebyta.pl\/wp-content\/gallery\/monika-i-dawid\/Monika-i-Dawid-003.jpg\"\n               data-thumbnail=\"http:\/\/fotografslubny.grzebyta.pl\/wp-content\/gallery\/monika-i-dawid\/thumbs\/thumbs_Monika-i-Dawid-003.jpg\"\n               data-image-id=\"43\"\n               data-title=\"Monika-i-Dawid-003\"\n               data-description=\"\"\n               data-image-slug=\"monika-i-dawid-003\"\n               class=\"ngg-simplelightbox\" rel=\"60a6b3b2340d5313af5cb9e5c6fd36ae\">\n                <img\n                    title=\"Monika-i-Dawid-003\"\n                    alt=\"Monika-i-Dawid-003\"\n                    src=\"http:\/\/fotografslubny.grzebyta.pl\/wp-content\/gallery\/monika-i-dawid\/thumbs\/thumbs_Monika-i-Dawid-003.jpg\"\n                    width=\"240\"\n                    height=\"160\"\n                    style=\"max-width:100%;\"\n                \/>\n            <\/a>\n        <\/div>\n\t\t\t\t\t\t\t<\/div> \n\t\t\t\n\t\t\t\t<div id=\"ngg-image-7\" class=\"ngg-gallery-thumbnail-box \" >\n\t\t\t\t        <div class=\"ngg-gallery-thumbnail\">\n            <a href=\"http:\/\/fotografslubny.grzebyta.pl\/wp-content\/gallery\/monika-i-dawid\/Monika-i-Dawid-009.jpg\"\n               title=\"\"\n               data-src=\"http:\/\/fotografslubny.grzebyta.pl\/wp-content\/gallery\/monika-i-dawid\/Monika-i-Dawid-009.jpg\"\n               data-thumbnail=\"http:\/\/fotografslubny.grzebyta.pl\/wp-content\/gallery\/monika-i-dawid\/thumbs\/thumbs_Monika-i-Dawid-009.jpg\"\n               data-image-id=\"44\"\n               data-title=\"Monika-i-Dawid-009\"\n               data-description=\"\"\n               data-image-slug=\"monika-i-dawid-009\"\n               class=\"ngg-simplelightbox\" rel=\"60a6b3b2340d5313af5cb9e5c6fd36ae\">\n                <img\n                    title=\"Monika-i-Dawid-009\"\n                    alt=\"Monika-i-Dawid-009\"\n                    src=\"http:\/\/fotografslubny.grzebyta.pl\/wp-content\/gallery\/monika-i-dawid\/thumbs\/thumbs_Monika-i-Dawid-009.jpg\"\n                    width=\"240\"\n                    height=\"160\"\n                    style=\"max-width:100%;\"\n                \/>\n            <\/a>\n        <\/div>\n\t\t\t\t\t\t\t<\/div> \n\t\t\t\n\t\t\t\t<div id=\"ngg-image-8\" class=\"ngg-gallery-thumbnail-box \" >\n\t\t\t\t        <div class=\"ngg-gallery-thumbnail\">\n            <a href=\"http:\/\/fotografslubny.grzebyta.pl\/wp-content\/gallery\/monika-i-dawid\/Monika-i-Dawid-032.jpg\"\n               title=\"\"\n               data-src=\"http:\/\/fotografslubny.grzebyta.pl\/wp-content\/gallery\/monika-i-dawid\/Monika-i-Dawid-032.jpg\"\n               data-thumbnail=\"http:\/\/fotografslubny.grzebyta.pl\/wp-content\/gallery\/monika-i-dawid\/thumbs\/thumbs_Monika-i-Dawid-032.jpg\"\n               data-image-id=\"45\"\n               data-title=\"Monika-i-Dawid-032\"\n               data-description=\"\"\n               data-image-slug=\"monika-i-dawid-032\"\n               class=\"ngg-simplelightbox\" rel=\"60a6b3b2340d5313af5cb9e5c6fd36ae\">\n                <img\n                    title=\"Monika-i-Dawid-032\"\n                    alt=\"Monika-i-Dawid-032\"\n                    src=\"http:\/\/fotografslubny.grzebyta.pl\/wp-content\/gallery\/monika-i-dawid\/thumbs\/thumbs_Monika-i-Dawid-032.jpg\"\n                    width=\"240\"\n                    height=\"160\"\n                    style=\"max-width:100%;\"\n                \/>\n            <\/a>\n        <\/div>\n\t\t\t\t\t\t\t<\/div> \n\t\t\t\n\t\t\t\t<div id=\"ngg-image-9\" class=\"ngg-gallery-thumbnail-box \" >\n\t\t\t\t        <div class=\"ngg-gallery-thumbnail\">\n            <a href=\"http:\/\/fotografslubny.grzebyta.pl\/wp-content\/gallery\/monika-i-dawid\/Monika-i-Dawid-039.jpg\"\n               title=\"\"\n               data-src=\"http:\/\/fotografslubny.grzebyta.pl\/wp-content\/gallery\/monika-i-dawid\/Monika-i-Dawid-039.jpg\"\n               data-thumbnail=\"http:\/\/fotografslubny.grzebyta.pl\/wp-content\/gallery\/monika-i-dawid\/thumbs\/thumbs_Monika-i-Dawid-039.jpg\"\n               data-image-id=\"46\"\n               data-title=\"Monika-i-Dawid-039\"\n               data-description=\"\"\n               data-image-slug=\"monika-i-dawid-039\"\n               class=\"ngg-simplelightbox\" rel=\"60a6b3b2340d5313af5cb9e5c6fd36ae\">\n                <img\n                    title=\"Monika-i-Dawid-039\"\n                    alt=\"Monika-i-Dawid-039\"\n                    src=\"http:\/\/fotografslubny.grzebyta.pl\/wp-content\/gallery\/monika-i-dawid\/thumbs\/thumbs_Monika-i-Dawid-039.jpg\"\n                    width=\"240\"\n                    height=\"160\"\n                    style=\"max-width:100%;\"\n                \/>\n            <\/a>\n        <\/div>\n\t\t\t\t\t\t\t<\/div> \n\t\t\t\n\t\t\t\t<div id=\"ngg-image-10\" class=\"ngg-gallery-thumbnail-box \" >\n\t\t\t\t        <div class=\"ngg-gallery-thumbnail\">\n            <a href=\"http:\/\/fotografslubny.grzebyta.pl\/wp-content\/gallery\/monika-i-dawid\/Monika-i-Dawid-041.jpg\"\n               title=\"\"\n               data-src=\"http:\/\/fotografslubny.grzebyta.pl\/wp-content\/gallery\/monika-i-dawid\/Monika-i-Dawid-041.jpg\"\n               data-thumbnail=\"http:\/\/fotografslubny.grzebyta.pl\/wp-content\/gallery\/monika-i-dawid\/thumbs\/thumbs_Monika-i-Dawid-041.jpg\"\n               data-image-id=\"47\"\n               data-title=\"Monika-i-Dawid-041\"\n               data-description=\"\"\n               data-image-slug=\"monika-i-dawid-041\"\n               class=\"ngg-simplelightbox\" rel=\"60a6b3b2340d5313af5cb9e5c6fd36ae\">\n                <img\n                    title=\"Monika-i-Dawid-041\"\n                    alt=\"Monika-i-Dawid-041\"\n                    src=\"http:\/\/fotografslubny.grzebyta.pl\/wp-content\/gallery\/monika-i-dawid\/thumbs\/thumbs_Monika-i-Dawid-041.jpg\"\n                    width=\"240\"\n                    height=\"160\"\n                    style=\"max-width:100%;\"\n                \/>\n            <\/a>\n        <\/div>\n\t\t\t\t\t\t\t<\/div> \n\t\t\t\n\t\t\t\t<div id=\"ngg-image-11\" class=\"ngg-gallery-thumbnail-box \" >\n\t\t\t\t        <div class=\"ngg-gallery-thumbnail\">\n            <a href=\"http:\/\/fotografslubny.grzebyta.pl\/wp-content\/gallery\/monika-i-dawid\/Monika-i-Dawid-051.jpg\"\n               title=\"\"\n               data-src=\"http:\/\/fotografslubny.grzebyta.pl\/wp-content\/gallery\/monika-i-dawid\/Monika-i-Dawid-051.jpg\"\n               data-thumbnail=\"http:\/\/fotografslubny.grzebyta.pl\/wp-content\/gallery\/monika-i-dawid\/thumbs\/thumbs_Monika-i-Dawid-051.jpg\"\n               data-image-id=\"48\"\n               data-title=\"Monika-i-Dawid-051\"\n               data-description=\"\"\n               data-image-slug=\"monika-i-dawid-051\"\n               class=\"ngg-simplelightbox\" rel=\"60a6b3b2340d5313af5cb9e5c6fd36ae\">\n                <img\n                    title=\"Monika-i-Dawid-051\"\n                    alt=\"Monika-i-Dawid-051\"\n                    src=\"http:\/\/fotografslubny.grzebyta.pl\/wp-content\/gallery\/monika-i-dawid\/thumbs\/thumbs_Monika-i-Dawid-051.jpg\"\n                    width=\"240\"\n                    height=\"160\"\n                    style=\"max-width:100%;\"\n                \/>\n            <\/a>\n        <\/div>\n\t\t\t\t\t\t\t<\/div> \n\t\t\t\n\t\t\t\t<div id=\"ngg-image-12\" class=\"ngg-gallery-thumbnail-box \" >\n\t\t\t\t        <div class=\"ngg-gallery-thumbnail\">\n            <a href=\"http:\/\/fotografslubny.grzebyta.pl\/wp-content\/gallery\/monika-i-dawid\/Monika-i-Dawid-058.jpg\"\n               title=\"\"\n               data-src=\"http:\/\/fotografslubny.grzebyta.pl\/wp-content\/gallery\/monika-i-dawid\/Monika-i-Dawid-058.jpg\"\n               data-thumbnail=\"http:\/\/fotografslubny.grzebyta.pl\/wp-content\/gallery\/monika-i-dawid\/thumbs\/thumbs_Monika-i-Dawid-058.jpg\"\n               data-image-id=\"49\"\n               data-title=\"Monika-i-Dawid-058\"\n               data-description=\"\"\n               data-image-slug=\"monika-i-dawid-058\"\n               class=\"ngg-simplelightbox\" rel=\"60a6b3b2340d5313af5cb9e5c6fd36ae\">\n                <img\n                    title=\"Monika-i-Dawid-058\"\n                    alt=\"Monika-i-Dawid-058\"\n                    src=\"http:\/\/fotografslubny.grzebyta.pl\/wp-content\/gallery\/monika-i-dawid\/thumbs\/thumbs_Monika-i-Dawid-058.jpg\"\n                    width=\"240\"\n                    height=\"160\"\n                    style=\"max-width:100%;\"\n                \/>\n            <\/a>\n        <\/div>\n\t\t\t\t\t\t\t<\/div> \n\t\t\t\n\t\t\t\t<div id=\"ngg-image-13\" class=\"ngg-gallery-thumbnail-box \" >\n\t\t\t\t        <div class=\"ngg-gallery-thumbnail\">\n            <a href=\"http:\/\/fotografslubny.grzebyta.pl\/wp-content\/gallery\/monika-i-dawid\/Monika-i-Dawid-072.jpg\"\n               title=\"\"\n               data-src=\"http:\/\/fotografslubny.grzebyta.pl\/wp-content\/gallery\/monika-i-dawid\/Monika-i-Dawid-072.jpg\"\n               data-thumbnail=\"http:\/\/fotografslubny.grzebyta.pl\/wp-content\/gallery\/monika-i-dawid\/thumbs\/thumbs_Monika-i-Dawid-072.jpg\"\n               data-image-id=\"50\"\n               data-title=\"Monika-i-Dawid-072\"\n               data-description=\"\"\n               data-image-slug=\"monika-i-dawid-072\"\n               class=\"ngg-simplelightbox\" rel=\"60a6b3b2340d5313af5cb9e5c6fd36ae\">\n                <img\n                    title=\"Monika-i-Dawid-072\"\n                    alt=\"Monika-i-Dawid-072\"\n                    src=\"http:\/\/fotografslubny.grzebyta.pl\/wp-content\/gallery\/monika-i-dawid\/thumbs\/thumbs_Monika-i-Dawid-072.jpg\"\n                    width=\"240\"\n                    height=\"160\"\n                    style=\"max-width:100%;\"\n                \/>\n            <\/a>\n        <\/div>\n\t\t\t\t\t\t\t<\/div> \n\t\t\t\n\t\t\t\t<div id=\"ngg-image-14\" class=\"ngg-gallery-thumbnail-box \" >\n\t\t\t\t        <div class=\"ngg-gallery-thumbnail\">\n            <a href=\"http:\/\/fotografslubny.grzebyta.pl\/wp-content\/gallery\/monika-i-dawid\/Monika-i-Dawid-108.jpg\"\n               title=\"\"\n               data-src=\"http:\/\/fotografslubny.grzebyta.pl\/wp-content\/gallery\/monika-i-dawid\/Monika-i-Dawid-108.jpg\"\n               data-thumbnail=\"http:\/\/fotografslubny.grzebyta.pl\/wp-content\/gallery\/monika-i-dawid\/thumbs\/thumbs_Monika-i-Dawid-108.jpg\"\n               data-image-id=\"51\"\n               data-title=\"Monika-i-Dawid-108\"\n               data-description=\"\"\n               data-image-slug=\"monika-i-dawid-108\"\n               class=\"ngg-simplelightbox\" rel=\"60a6b3b2340d5313af5cb9e5c6fd36ae\">\n                <img\n                    title=\"Monika-i-Dawid-108\"\n                    alt=\"Monika-i-Dawid-108\"\n                    src=\"http:\/\/fotografslubny.grzebyta.pl\/wp-content\/gallery\/monika-i-dawid\/thumbs\/thumbs_Monika-i-Dawid-108.jpg\"\n                    width=\"240\"\n                    height=\"160\"\n                    style=\"max-width:100%;\"\n                \/>\n            <\/a>\n        <\/div>\n\t\t\t\t\t\t\t<\/div> \n\t\t\t\n\t\t\t\t<div id=\"ngg-image-15\" class=\"ngg-gallery-thumbnail-box \" >\n\t\t\t\t        <div class=\"ngg-gallery-thumbnail\">\n            <a href=\"http:\/\/fotografslubny.grzebyta.pl\/wp-content\/gallery\/monika-i-dawid\/Monika-i-Dawid-143.jpg\"\n               title=\"\"\n               data-src=\"http:\/\/fotografslubny.grzebyta.pl\/wp-content\/gallery\/monika-i-dawid\/Monika-i-Dawid-143.jpg\"\n               data-thumbnail=\"http:\/\/fotografslubny.grzebyta.pl\/wp-content\/gallery\/monika-i-dawid\/thumbs\/thumbs_Monika-i-Dawid-143.jpg\"\n               data-image-id=\"52\"\n               data-title=\"Monika-i-Dawid-143\"\n               data-description=\"\"\n               data-image-slug=\"monika-i-dawid-143\"\n               class=\"ngg-simplelightbox\" rel=\"60a6b3b2340d5313af5cb9e5c6fd36ae\">\n                <img\n                    title=\"Monika-i-Dawid-143\"\n                    alt=\"Monika-i-Dawid-143\"\n                    src=\"http:\/\/fotografslubny.grzebyta.pl\/wp-content\/gallery\/monika-i-dawid\/thumbs\/thumbs_Monika-i-Dawid-143.jpg\"\n                    width=\"240\"\n                    height=\"160\"\n                    style=\"max-width:100%;\"\n                \/>\n            <\/a>\n        <\/div>\n\t\t\t\t\t\t\t<\/div> \n\t\t\t\n\t\t\t\t<div id=\"ngg-image-16\" class=\"ngg-gallery-thumbnail-box \" >\n\t\t\t\t        <div class=\"ngg-gallery-thumbnail\">\n            <a href=\"http:\/\/fotografslubny.grzebyta.pl\/wp-content\/gallery\/monika-i-dawid\/Monika-i-Dawid-146.jpg\"\n               title=\"\"\n               data-src=\"http:\/\/fotografslubny.grzebyta.pl\/wp-content\/gallery\/monika-i-dawid\/Monika-i-Dawid-146.jpg\"\n               data-thumbnail=\"http:\/\/fotografslubny.grzebyta.pl\/wp-content\/gallery\/monika-i-dawid\/thumbs\/thumbs_Monika-i-Dawid-146.jpg\"\n               data-image-id=\"53\"\n               data-title=\"Monika-i-Dawid-146\"\n               data-description=\"\"\n               data-image-slug=\"monika-i-dawid-146\"\n               class=\"ngg-simplelightbox\" rel=\"60a6b3b2340d5313af5cb9e5c6fd36ae\">\n                <img\n                    title=\"Monika-i-Dawid-146\"\n                    alt=\"Monika-i-Dawid-146\"\n                    src=\"http:\/\/fotografslubny.grzebyta.pl\/wp-content\/gallery\/monika-i-dawid\/thumbs\/thumbs_Monika-i-Dawid-146.jpg\"\n                    width=\"240\"\n                    height=\"160\"\n                    style=\"max-width:100%;\"\n                \/>\n            <\/a>\n        <\/div>\n\t\t\t\t\t\t\t<\/div> \n\t\t\t\n\t\t\t\t<div id=\"ngg-image-17\" class=\"ngg-gallery-thumbnail-box \" >\n\t\t\t\t        <div class=\"ngg-gallery-thumbnail\">\n            <a href=\"http:\/\/fotografslubny.grzebyta.pl\/wp-content\/gallery\/monika-i-dawid\/Monika-i-Dawid-177.jpg\"\n               title=\"\"\n               data-src=\"http:\/\/fotografslubny.grzebyta.pl\/wp-content\/gallery\/monika-i-dawid\/Monika-i-Dawid-177.jpg\"\n               data-thumbnail=\"http:\/\/fotografslubny.grzebyta.pl\/wp-content\/gallery\/monika-i-dawid\/thumbs\/thumbs_Monika-i-Dawid-177.jpg\"\n               data-image-id=\"54\"\n               data-title=\"Monika-i-Dawid-177\"\n               data-description=\"\"\n               data-image-slug=\"monika-i-dawid-177\"\n               class=\"ngg-simplelightbox\" rel=\"60a6b3b2340d5313af5cb9e5c6fd36ae\">\n                <img\n                    title=\"Monika-i-Dawid-177\"\n                    alt=\"Monika-i-Dawid-177\"\n                    src=\"http:\/\/fotografslubny.grzebyta.pl\/wp-content\/gallery\/monika-i-dawid\/thumbs\/thumbs_Monika-i-Dawid-177.jpg\"\n                    width=\"240\"\n                    height=\"160\"\n                    style=\"max-width:100%;\"\n                \/>\n            <\/a>\n        <\/div>\n\t\t\t\t\t\t\t<\/div> \n\t\t\t\n\t\t\t\t<div id=\"ngg-image-18\" class=\"ngg-gallery-thumbnail-box \" >\n\t\t\t\t        <div class=\"ngg-gallery-thumbnail\">\n            <a href=\"http:\/\/fotografslubny.grzebyta.pl\/wp-content\/gallery\/monika-i-dawid\/Monika-i-Dawid-180.jpg\"\n               title=\"\"\n               data-src=\"http:\/\/fotografslubny.grzebyta.pl\/wp-content\/gallery\/monika-i-dawid\/Monika-i-Dawid-180.jpg\"\n               data-thumbnail=\"http:\/\/fotografslubny.grzebyta.pl\/wp-content\/gallery\/monika-i-dawid\/thumbs\/thumbs_Monika-i-Dawid-180.jpg\"\n               data-image-id=\"55\"\n               data-title=\"Monika-i-Dawid-180\"\n               data-description=\"\"\n               data-image-slug=\"monika-i-dawid-180\"\n               class=\"ngg-simplelightbox\" rel=\"60a6b3b2340d5313af5cb9e5c6fd36ae\">\n                <img\n                    title=\"Monika-i-Dawid-180\"\n                    alt=\"Monika-i-Dawid-180\"\n                    src=\"http:\/\/fotografslubny.grzebyta.pl\/wp-content\/gallery\/monika-i-dawid\/thumbs\/thumbs_Monika-i-Dawid-180.jpg\"\n                    width=\"240\"\n                    height=\"160\"\n                    style=\"max-width:100%;\"\n                \/>\n            <\/a>\n        <\/div>\n\t\t\t\t\t\t\t<\/div> \n\t\t\t\n\t\t\t\t<div id=\"ngg-image-19\" class=\"ngg-gallery-thumbnail-box \" >\n\t\t\t\t        <div class=\"ngg-gallery-thumbnail\">\n            <a href=\"http:\/\/fotografslubny.grzebyta.pl\/wp-content\/gallery\/monika-i-dawid\/Monika-i-Dawid-191.jpg\"\n               title=\"\"\n               data-src=\"http:\/\/fotografslubny.grzebyta.pl\/wp-content\/gallery\/monika-i-dawid\/Monika-i-Dawid-191.jpg\"\n               data-thumbnail=\"http:\/\/fotografslubny.grzebyta.pl\/wp-content\/gallery\/monika-i-dawid\/thumbs\/thumbs_Monika-i-Dawid-191.jpg\"\n               data-image-id=\"56\"\n               data-title=\"Monika-i-Dawid-191\"\n               data-description=\"\"\n               data-image-slug=\"monika-i-dawid-191\"\n               class=\"ngg-simplelightbox\" rel=\"60a6b3b2340d5313af5cb9e5c6fd36ae\">\n                <img\n                    title=\"Monika-i-Dawid-191\"\n                    alt=\"Monika-i-Dawid-191\"\n                    src=\"http:\/\/fotografslubny.grzebyta.pl\/wp-content\/gallery\/monika-i-dawid\/thumbs\/thumbs_Monika-i-Dawid-191.jpg\"\n                    width=\"240\"\n                    height=\"160\"\n                    style=\"max-width:100%;\"\n                \/>\n            <\/a>\n        <\/div>\n\t\t\t\t\t\t\t<\/div> \n\t\t\t\n\t\t\t\t<div id=\"ngg-image-20\" class=\"ngg-gallery-thumbnail-box \" >\n\t\t\t\t        <div class=\"ngg-gallery-thumbnail\">\n            <a href=\"http:\/\/fotografslubny.grzebyta.pl\/wp-content\/gallery\/monika-i-dawid\/Monika-i-Dawid-194.jpg\"\n               title=\"\"\n               data-src=\"http:\/\/fotografslubny.grzebyta.pl\/wp-content\/gallery\/monika-i-dawid\/Monika-i-Dawid-194.jpg\"\n               data-thumbnail=\"http:\/\/fotografslubny.grzebyta.pl\/wp-content\/gallery\/monika-i-dawid\/thumbs\/thumbs_Monika-i-Dawid-194.jpg\"\n               data-image-id=\"57\"\n               data-title=\"Monika-i-Dawid-194\"\n               data-description=\"\"\n               data-image-slug=\"monika-i-dawid-194\"\n               class=\"ngg-simplelightbox\" rel=\"60a6b3b2340d5313af5cb9e5c6fd36ae\">\n                <img\n                    title=\"Monika-i-Dawid-194\"\n                    alt=\"Monika-i-Dawid-194\"\n                    src=\"http:\/\/fotografslubny.grzebyta.pl\/wp-content\/gallery\/monika-i-dawid\/thumbs\/thumbs_Monika-i-Dawid-194.jpg\"\n                    width=\"240\"\n                    height=\"160\"\n                    style=\"max-width:100%;\"\n                \/>\n            <\/a>\n        <\/div>\n\t\t\t\t\t\t\t<\/div> \n\t\t\t\n\t\t\t\t<div id=\"ngg-image-21\" class=\"ngg-gallery-thumbnail-box \" >\n\t\t\t\t        <div class=\"ngg-gallery-thumbnail\">\n            <a href=\"http:\/\/fotografslubny.grzebyta.pl\/wp-content\/gallery\/monika-i-dawid\/Monika-i-Dawid-211.jpg\"\n               title=\"\"\n               data-src=\"http:\/\/fotografslubny.grzebyta.pl\/wp-content\/gallery\/monika-i-dawid\/Monika-i-Dawid-211.jpg\"\n               data-thumbnail=\"http:\/\/fotografslubny.grzebyta.pl\/wp-content\/gallery\/monika-i-dawid\/thumbs\/thumbs_Monika-i-Dawid-211.jpg\"\n               data-image-id=\"58\"\n               data-title=\"Monika-i-Dawid-211\"\n               data-description=\"\"\n               data-image-slug=\"monika-i-dawid-211\"\n               class=\"ngg-simplelightbox\" rel=\"60a6b3b2340d5313af5cb9e5c6fd36ae\">\n                <img\n                    title=\"Monika-i-Dawid-211\"\n                    alt=\"Monika-i-Dawid-211\"\n                    src=\"http:\/\/fotografslubny.grzebyta.pl\/wp-content\/gallery\/monika-i-dawid\/thumbs\/thumbs_Monika-i-Dawid-211.jpg\"\n                    width=\"240\"\n                    height=\"160\"\n                    style=\"max-width:100%;\"\n                \/>\n            <\/a>\n        <\/div>\n\t\t\t\t\t\t\t<\/div> \n\t\t\t\n\t\t\t\t<div id=\"ngg-image-22\" class=\"ngg-gallery-thumbnail-box \" >\n\t\t\t\t        <div class=\"ngg-gallery-thumbnail\">\n            <a href=\"http:\/\/fotografslubny.grzebyta.pl\/wp-content\/gallery\/monika-i-dawid\/Monika-i-Dawid-222.jpg\"\n               title=\"\"\n               data-src=\"http:\/\/fotografslubny.grzebyta.pl\/wp-content\/gallery\/monika-i-dawid\/Monika-i-Dawid-222.jpg\"\n               data-thumbnail=\"http:\/\/fotografslubny.grzebyta.pl\/wp-content\/gallery\/monika-i-dawid\/thumbs\/thumbs_Monika-i-Dawid-222.jpg\"\n               data-image-id=\"59\"\n               data-title=\"Monika-i-Dawid-222\"\n               data-description=\"\"\n               data-image-slug=\"monika-i-dawid-222\"\n               class=\"ngg-simplelightbox\" rel=\"60a6b3b2340d5313af5cb9e5c6fd36ae\">\n                <img\n                    title=\"Monika-i-Dawid-222\"\n                    alt=\"Monika-i-Dawid-222\"\n                    src=\"http:\/\/fotografslubny.grzebyta.pl\/wp-content\/gallery\/monika-i-dawid\/thumbs\/thumbs_Monika-i-Dawid-222.jpg\"\n                    width=\"240\"\n                    height=\"160\"\n                    style=\"max-width:100%;\"\n                \/>\n            <\/a>\n        <\/div>\n\t\t\t\t\t\t\t<\/div> \n\t\t\t\n\t\t\t\t<div id=\"ngg-image-23\" class=\"ngg-gallery-thumbnail-box \" >\n\t\t\t\t        <div class=\"ngg-gallery-thumbnail\">\n            <a href=\"http:\/\/fotografslubny.grzebyta.pl\/wp-content\/gallery\/monika-i-dawid\/Monika-i-Dawid-251.jpg\"\n               title=\"\"\n               data-src=\"http:\/\/fotografslubny.grzebyta.pl\/wp-content\/gallery\/monika-i-dawid\/Monika-i-Dawid-251.jpg\"\n               data-thumbnail=\"http:\/\/fotografslubny.grzebyta.pl\/wp-content\/gallery\/monika-i-dawid\/thumbs\/thumbs_Monika-i-Dawid-251.jpg\"\n               data-image-id=\"60\"\n               data-title=\"Monika-i-Dawid-251\"\n               data-description=\"\"\n               data-image-slug=\"monika-i-dawid-251\"\n               class=\"ngg-simplelightbox\" rel=\"60a6b3b2340d5313af5cb9e5c6fd36ae\">\n                <img\n                    title=\"Monika-i-Dawid-251\"\n                    alt=\"Monika-i-Dawid-251\"\n                    src=\"http:\/\/fotografslubny.grzebyta.pl\/wp-content\/gallery\/monika-i-dawid\/thumbs\/thumbs_Monika-i-Dawid-251.jpg\"\n                    width=\"240\"\n                    height=\"160\"\n                    style=\"max-width:100%;\"\n                \/>\n            <\/a>\n        <\/div>\n\t\t\t\t\t\t\t<\/div> \n\t\t\t\n\t\n\t<br style=\"clear: both\" \/>\n\n\t\n\t\t<!-- Pagination -->\n\t<div class='ngg-navigation'><span class='current'>1<\/span>\n<a class='page-numbers' data-pageid='2' href='http:\/\/fotografslubny.grzebyta.pl\/index.php\/nggallery\/page\/2?p=475'>2<\/a>\n<a class='prev' href='http:\/\/fotografslubny.grzebyta.pl\/index.php\/nggallery\/page\/2?p=475' data-pageid=2>&#9658;<\/a><\/div>\t<\/div>\n\n","protected":false},"excerpt":{"rendered":"","protected":false},"author":1,"featured_media":0,"comment_status":"open","ping_status":"open","sticky":false,"template":"","format":"standard","meta":{"ngg_post_thumbnail":0,"spay_email":"","jetpack_publicize_message":"","jetpack_is_tweetstorm":false,"jetpack_publicize_feature_enabled":true},"categories":[1],"tags":[],"yoast_head":"<!-- This site is optimized with the Yoast SEO plugin v18.0 - https:\/\/yoast.com\/wordpress\/plugins\/seo\/ -->\n<title>Monika i Dawid - Fotograf \u015alubny Kamil Grzebyta<\/title>\n<meta name=\"robots\" content=\"index, follow, max-snippet:-1, max-image-preview:large, max-video-preview:-1\" \/>\n<link rel=\"canonical\" href=\"http:\/\/fotografslubny.grzebyta.pl\/?p=475\" \/>\n<meta property=\"og:locale\" content=\"pl_PL\" \/>\n<meta property=\"og:type\" content=\"article\" \/>\n<meta property=\"og:title\" content=\"Monika i Dawid - Fotograf \u015alubny Kamil Grzebyta\" \/>\n<meta property=\"og:url\" content=\"http:\/\/fotografslubny.grzebyta.pl\/?p=475\" \/>\n<meta property=\"og:site_name\" content=\"Fotograf \u015alubny Kamil Grzebyta\" \/>\n<meta property=\"article:published_time\" content=\"2020-02-20T13:16:27+00:00\" \/>\n<meta property=\"article:modified_time\" content=\"2020-02-20T13:19:34+00:00\" \/>\n<meta name=\"twitter:card\" content=\"summary_large_image\" \/>\n<meta name=\"twitter:label1\" content=\"Napisane przez\" \/>\n\t<meta name=\"twitter:data1\" content=\"admin\" \/>\n<script type=\"application\/ld+json\" class=\"yoast-schema-graph\">{\"@context\":\"https:\/\/schema.org\",\"@graph\":[{\"@type\":\"WebSite\",\"@id\":\"https:\/\/fotografslubny.grzebyta.pl\/#website\",\"url\":\"https:\/\/fotografslubny.grzebyta.pl\/\",\"name\":\"Fotograf \u015alubny Kamil Grzebyta\",\"description\":\"Fotografia \u015alubna i okoliczno\u015bciowa\",\"potentialAction\":[{\"@type\":\"SearchAction\",\"target\":{\"@type\":\"EntryPoint\",\"urlTemplate\":\"https:\/\/fotografslubny.grzebyta.pl\/?s={search_term_string}\"},\"query-input\":\"required name=search_term_string\"}],\"inLanguage\":\"pl-PL\"},{\"@type\":\"WebPage\",\"@id\":\"http:\/\/fotografslubny.grzebyta.pl\/?p=475#webpage\",\"url\":\"http:\/\/fotografslubny.grzebyta.pl\/?p=475\",\"name\":\"Monika i Dawid - Fotograf \u015alubny Kamil Grzebyta\",\"isPartOf\":{\"@id\":\"https:\/\/fotografslubny.grzebyta.pl\/#website\"},\"datePublished\":\"2020-02-20T13:16:27+00:00\",\"dateModified\":\"2020-02-20T13:19:34+00:00\",\"author\":{\"@id\":\"https:\/\/fotografslubny.grzebyta.pl\/#\/schema\/person\/a9ad2429fe299fd7330e95818cef68b4\"},\"breadcrumb\":{\"@id\":\"http:\/\/fotografslubny.grzebyta.pl\/?p=475#breadcrumb\"},\"inLanguage\":\"pl-PL\",\"potentialAction\":[{\"@type\":\"ReadAction\",\"target\":[\"http:\/\/fotografslubny.grzebyta.pl\/?p=475\"]}]},{\"@type\":\"BreadcrumbList\",\"@id\":\"http:\/\/fotografslubny.grzebyta.pl\/?p=475#breadcrumb\",\"itemListElement\":[{\"@type\":\"ListItem\",\"position\":1,\"name\":\"Strona g\u0142\u00f3wna\",\"item\":\"https:\/\/fotografslubny.grzebyta.pl\/\"},{\"@type\":\"ListItem\",\"position\":2,\"name\":\"Monika i Dawid\"}]},{\"@type\":\"Person\",\"@id\":\"https:\/\/fotografslubny.grzebyta.pl\/#\/schema\/person\/a9ad2429fe299fd7330e95818cef68b4\",\"name\":\"admin\",\"image\":{\"@type\":\"ImageObject\",\"@id\":\"https:\/\/fotografslubny.grzebyta.pl\/#personlogo\",\"inLanguage\":\"pl-PL\",\"url\":\"http:\/\/0.gravatar.com\/avatar\/ff0fc88fbd4172ffefe55a8c33320fd3?s=96&d=mm&r=g\",\"contentUrl\":\"http:\/\/0.gravatar.com\/avatar\/ff0fc88fbd4172ffefe55a8c33320fd3?s=96&d=mm&r=g\",\"caption\":\"admin\"},\"url\":\"http:\/\/fotografslubny.grzebyta.pl\/?author=1\"}]}<\/script>\n<!-- \/ Yoast SEO plugin. -->","yoast_head_json":{"title":"Monika i Dawid - Fotograf \u015alubny Kamil Grzebyta","robots":{"index":"index","follow":"follow","max-snippet":"max-snippet:-1","max-image-preview":"max-image-preview:large","max-video-preview":"max-video-preview:-1"},"canonical":"http:\/\/fotografslubny.grzebyta.pl\/?p=475","og_locale":"pl_PL","og_type":"article","og_title":"Monika i Dawid - Fotograf \u015alubny Kamil Grzebyta","og_url":"http:\/\/fotografslubny.grzebyta.pl\/?p=475","og_site_name":"Fotograf \u015alubny Kamil Grzebyta","article_published_time":"2020-02-20T13:16:27+00:00","article_modified_time":"2020-02-20T13:19:34+00:00","twitter_card":"summary_large_image","twitter_misc":{"Napisane przez":"admin"},"schema":{"@context":"https:\/\/schema.org","@graph":[{"@type":"WebSite","@id":"https:\/\/fotografslubny.grzebyta.pl\/#website","url":"https:\/\/fotografslubny.grzebyta.pl\/","name":"Fotograf \u015alubny Kamil Grzebyta","description":"Fotografia \u015alubna i okoliczno\u015bciowa","potentialAction":[{"@type":"SearchAction","target":{"@type":"EntryPoint","urlTemplate":"https:\/\/fotografslubny.grzebyta.pl\/?s={search_term_string}"},"query-input":"required name=search_term_string"}],"inLanguage":"pl-PL"},{"@type":"WebPage","@id":"http:\/\/fotografslubny.grzebyta.pl\/?p=475#webpage","url":"http:\/\/fotografslubny.grzebyta.pl\/?p=475","name":"Monika i Dawid - Fotograf \u015alubny Kamil Grzebyta","isPartOf":{"@id":"https:\/\/fotografslubny.grzebyta.pl\/#website"},"datePublished":"2020-02-20T13:16:27+00:00","dateModified":"2020-02-20T13:19:34+00:00","author":{"@id":"https:\/\/fotografslubny.grzebyta.pl\/#\/schema\/person\/a9ad2429fe299fd7330e95818cef68b4"},"breadcrumb":{"@id":"http:\/\/fotografslubny.grzebyta.pl\/?p=475#breadcrumb"},"inLanguage":"pl-PL","potentialAction":[{"@type":"ReadAction","target":["http:\/\/fotografslubny.grzebyta.pl\/?p=475"]}]},{"@type":"BreadcrumbList","@id":"http:\/\/fotografslubny.grzebyta.pl\/?p=475#breadcrumb","itemListElement":[{"@type":"ListItem","position":1,"name":"Strona g\u0142\u00f3wna","item":"https:\/\/fotografslubny.grzebyta.pl\/"},{"@type":"ListItem","position":2,"name":"Monika i Dawid"}]},{"@type":"Person","@id":"https:\/\/fotografslubny.grzebyta.pl\/#\/schema\/person\/a9ad2429fe299fd7330e95818cef68b4","name":"admin","image":{"@type":"ImageObject","@id":"https:\/\/fotografslubny.grzebyta.pl\/#personlogo","inLanguage":"pl-PL","url":"http:\/\/0.gravatar.com\/avatar\/ff0fc88fbd4172ffefe55a8c33320fd3?s=96&d=mm&r=g","contentUrl":"http:\/\/0.gravatar.com\/avatar\/ff0fc88fbd4172ffefe55a8c33320fd3?s=96&d=mm&r=g","caption":"admin"},"url":"http:\/\/fotografslubny.grzebyta.pl\/?author=1"}]}},"jetpack_featured_media_url":"","jetpack_publicize_connections":[],"jetpack_sharing_enabled":true,"jetpack_shortlink":"https:\/\/wp.me\/paEKKr-7F","jetpack-related-posts":[{"id":562,"url":"http:\/\/fotografslubny.grzebyta.pl\/?p=562","url_meta":{"origin":475,"position":0},"title":"Monika i Dawid &#8211; galeria","date":"20 lutego, 2020","format":false,"excerpt":"","rel":"","context":"Similar post","img":{"alt_text":"","src":"","width":0,"height":0},"classes":[]},{"id":192,"url":"http:\/\/fotografslubny.grzebyta.pl\/?p=192","url_meta":{"origin":475,"position":1},"title":"Olga i Pawe\u0142","date":"26 stycznia, 2019","format":false,"excerpt":"Z Olg\u0105 i Paw\u0142em zna\u0142em si\u0119 ju\u017c od dawna i niezmiernie cieszy\u0142o mnie to, \u017ce wybrali mnie na swojego fotografa w ten najwa\u017cniejszy dla nich dzie\u0144. Ju\u017c w czasie sesji narzecze\u0144skiej wiedzia\u0142em, \u017ce jest to para, kt\u00f3r\u0105 a\u017c chce si\u0119 fotografowa\u0107. Na weselu by\u0142o sporo moich przyjaci\u00f3\u0142 i rodziny ze\u2026","rel":"","context":"Similar post","img":{"alt_text":"Pierwszy taniec","src":"https:\/\/i2.wp.com\/fotografslubny.grzebyta.pl\/wp-content\/uploads\/2019\/01\/2_olga-i-pawel-17.jpg?resize=350%2C200","width":350,"height":200},"classes":[]}],"_links":{"self":[{"href":"http:\/\/fotografslubny.grzebyta.pl\/index.php?rest_route=\/wp\/v2\/posts\/475"}],"collection":[{"href":"http:\/\/fotografslubny.grzebyta.pl\/index.php?rest_route=\/wp\/v2\/posts"}],"about":[{"href":"http:\/\/fotografslubny.grzebyta.pl\/index.php?rest_route=\/wp\/v2\/types\/post"}],"author":[{"embeddable":true,"href":"http:\/\/fotografslubny.grzebyta.pl\/index.php?rest_route=\/wp\/v2\/users\/1"}],"replies":[{"embeddable":true,"href":"http:\/\/fotografslubny.grzebyta.pl\/index.php?rest_route=%2Fwp%2Fv2%2Fcomments&post=475"}],"version-history":[{"count":2,"href":"http:\/\/fotografslubny.grzebyta.pl\/index.php?rest_route=\/wp\/v2\/posts\/475\/revisions"}],"predecessor-version":[{"id":520,"href":"http:\/\/fotografslubny.grzebyta.pl\/index.php?rest_route=\/wp\/v2\/posts\/475\/revisions\/520"}],"wp:attachment":[{"href":"http:\/\/fotografslubny.grzebyta.pl\/index.php?rest_route=%2Fwp%2Fv2%2Fmedia&parent=475"}],"wp:term":[{"taxonomy":"category","embeddable":true,"href":"http:\/\/fotografslubny.grzebyta.pl\/index.php?rest_route=%2Fwp%2Fv2%2Fcategories&post=475"},{"taxonomy":"post_tag","embeddable":true,"href":"http:\/\/fotografslubny.grzebyta.pl\/index.php?rest_route=%2Fwp%2Fv2%2Ftags&post=475"}],"curies":[{"name":"wp","href":"https:\/\/api.w.org\/{rel}","templated":true}]}}